{"id":224,"date":"2014-08-09T19:09:31","date_gmt":"2014-08-09T17:09:31","guid":{"rendered":"http:\/\/localhost\/?p=224"},"modified":"2016-01-20T21:08:38","modified_gmt":"2016-01-20T19:08:38","slug":"dream-your-dream","status":"publish","type":"post","link":"http:\/\/thomas-kaulich.com\/index.php\/dream-your-dream\/","title":{"rendered":"Dream your dream"},"content":{"rendered":"<figure id=\"attachment_231\" aria-describedby=\"caption-attachment-231\" style=\"width: 600px\" class=\"wp-caption alignnone\"><a href=\"http:\/\/thomas-kaulich.com\/wp-content\/uploads\/2014\/08\/DK_2014_MFK_Segeltoern_0291.jpg\" rel=\"attachment wp-att-231\"><img loading=\"lazy\" class=\"size-full wp-image-231\" src=\"http:\/\/thomas-kaulich.com\/wp-content\/uploads\/2014\/08\/DK_2014_MFK_Segeltoern_0291.jpg\" alt=\"Segelt\u00f6rn Ijsselmeer\" width=\"600\" height=\"400\" srcset=\"http:\/\/thomas-kaulich.com\/wp-content\/uploads\/2014\/08\/DK_2014_MFK_Segeltoern_0291.jpg 600w, http:\/\/thomas-kaulich.com\/wp-content\/uploads\/2014\/08\/DK_2014_MFK_Segeltoern_0291-300x200.jpg 300w, http:\/\/thomas-kaulich.com\/wp-content\/uploads\/2014\/08\/DK_2014_MFK_Segeltoern_0291-272x182.jpg 272w\" sizes=\"(max-width: 600px) 100vw, 600px\" \/><\/a><figcaption id=\"caption-attachment-231\" class=\"wp-caption-text\">\u00a9 Detlef Krentscher<\/figcaption><\/figure>\n<p>Erstellung einer Dokumentation f\u00fcr den Verein &#8222;Menschen f\u00fcr Kinder e.V.&#8220;<\/p>\n<p>In der Woche vor Ostern fand der erste von &#8222;Menschen f\u00fcr Kinder e.V. organisierte Segelt\u00f6rn f\u00fcr an Krebs erkrankte Jugendliche \u00a0statt. Unter der Leitung von Diakon Stefan Zeiger stachen kranke Jugendliche zusammen mit gesunden Kindern auf dem Ijsselmeer in See. Der \u00fcber 50 Meter lange Zweimastschoner &#8222;t Wapen fan Fryslan&#8220; wurde von der jungen Crew unter Anleitung von Kapit\u00e4n Erik van Aken selbst gesegelt, auch um die Verpflegung an Bord mussten sich alle selbst k\u00fcmmern.<\/p>\n<p>Mit an Bord waren\u00a0 der Onkologe Prof. Dr. Christof Kramm und seine Frau, die Kinder\u00e4rztin Christiane Lex beide t\u00e4tig an der Uniklinik in G\u00f6ttingen. Sie k\u00fcmmerten sich um die medizinische Betreuung und achteten darauf, dass niemand seine pers\u00f6nlichen M\u00f6glichkeiten \u00fcbersch\u00e4tzt.<\/p>\n<p>F\u00fcr einen Tag segelte auch Extremsportler Joey Kelly mit, der begleitet von einem RTL-Redakteur f\u00fcr den RTL-Spendenmarathon zu Besuch war.<\/p>\n<p>Der RTL-Bericht wurde direkt zeitnah gesendet, eine 20-min\u00fctige Reportage ist auf DVD erh\u00e4ltlich.<\/p>\n<p>Die Premiere einer umfassenden Dokumentation fand am 21.Oktober in der Kulturscheune Herborn statt.<\/p>\n<p>Auf YouTube ist eine kurze Zusammenfassung zu sehen:<\/p>\n<p><iframe loading=\"lazy\" src=\"\/\/www.youtube.com\/embed\/q559Uow1hns\" width=\"560\" height=\"315\" frameborder=\"0\" allowfullscreen=\"allowfullscreen\"><\/iframe><\/p>\n","protected":false},"excerpt":{"rendered":"<p>Erstellung einer Dokumentation f\u00fcr den Verein &#8222;Menschen f\u00fcr Kinder e.V.&#8220; In der Woche vor Ostern fand der erste von &#8222;Menschen f\u00fcr Kinder e.V. organisierte Segelt\u00f6rn f\u00fcr an Krebs erkrankte Jugendliche \u00a0statt. Unter der Leitung von Diakon Stefan Zeiger stachen kranke Jugendliche zusammen mit gesunden Kindern auf dem Ijsselmeer in See. Der \u00fcber 50 Meter lange [&hellip;]<\/p>\n","protected":false},"author":1,"featured_media":291,"comment_status":"closed","ping_status":"open","sticky":false,"template":"","format":"standard","meta":[],"categories":[1],"tags":[11,12,10,14,13],"_links":{"self":[{"href":"http:\/\/thomas-kaulich.com\/index.php\/wp-json\/wp\/v2\/posts\/224"}],"collection":[{"href":"http:\/\/thomas-kaulich.com\/index.php\/wp-json\/wp\/v2\/posts"}],"about":[{"href":"http:\/\/thomas-kaulich.com\/index.php\/wp-json\/wp\/v2\/types\/post"}],"author":[{"embeddable":true,"href":"http:\/\/thomas-kaulich.com\/index.php\/wp-json\/wp\/v2\/users\/1"}],"replies":[{"embeddable":true,"href":"http:\/\/thomas-kaulich.com\/index.php\/wp-json\/wp\/v2\/comments?post=224"}],"version-history":[{"count":15,"href":"http:\/\/thomas-kaulich.com\/index.php\/wp-json\/wp\/v2\/posts\/224\/revisions"}],"predecessor-version":[{"id":392,"href":"http:\/\/thomas-kaulich.com\/index.php\/wp-json\/wp\/v2\/posts\/224\/revisions\/392"}],"wp:featuredmedia":[{"embeddable":true,"href":"http:\/\/thomas-kaulich.com\/index.php\/wp-json\/wp\/v2\/media\/291"}],"wp:attachment":[{"href":"http:\/\/thomas-kaulich.com\/index.php\/wp-json\/wp\/v2\/media?parent=224"}],"wp:term":[{"taxonomy":"category","embeddable":true,"href":"http:\/\/thomas-kaulich.com\/index.php\/wp-json\/wp\/v2\/categories?post=224"},{"taxonomy":"post_tag","embeddable":true,"href":"http:\/\/thomas-kaulich.com\/index.php\/wp-json\/wp\/v2\/tags?post=224"}],"curies":[{"name":"wp","href":"https:\/\/api.w.org\/{rel}","templated":true}]}}