{"id":419,"date":"2018-09-11T19:48:31","date_gmt":"2018-09-11T17:48:31","guid":{"rendered":"http:\/\/thomas-kaulich.com\/?p=419"},"modified":"2018-09-11T19:48:31","modified_gmt":"2018-09-11T17:48:31","slug":"ard-brisant-zurueck-ins-leben","status":"publish","type":"post","link":"http:\/\/thomas-kaulich.com\/index.php\/ard-brisant-zurueck-ins-leben\/","title":{"rendered":"ARD Brisant &#8211; Zur\u00fcck ins Leben"},"content":{"rendered":"<p><a href=\"http:\/\/thomas-kaulich.com\/wp-content\/uploads\/2018\/09\/DSC09303klein.jpg\"><img loading=\"lazy\" src=\"http:\/\/thomas-kaulich.com\/wp-content\/uploads\/2018\/09\/DSC09303klein-1024x683.jpg\" alt=\"\" width=\"474\" height=\"316\" class=\"alignnone size-large wp-image-421\" srcset=\"http:\/\/thomas-kaulich.com\/wp-content\/uploads\/2018\/09\/DSC09303klein-1024x683.jpg 1024w, http:\/\/thomas-kaulich.com\/wp-content\/uploads\/2018\/09\/DSC09303klein-300x200.jpg 300w, http:\/\/thomas-kaulich.com\/wp-content\/uploads\/2018\/09\/DSC09303klein-768x512.jpg 768w, http:\/\/thomas-kaulich.com\/wp-content\/uploads\/2018\/09\/DSC09303klein.jpg 1200w\" sizes=\"(max-width: 474px) 100vw, 474px\" \/><\/a>Videodoku f\u00fcr das ARD-Magazin &#8222;Brisant&#8220; mit dem Titel &#8222;Zur\u00fcck ins Leben&#8220;. W\u00e4hrend eines Segelt\u00f6rns wurde ein f\u00fcnfzehnj\u00e4hriges M\u00e4dchen mit der Kamera begleitet. Nach einer schweren Krebstherapie nahm Anastasia mit einer Gruppe ebenfalls erkrankter Kinder und Jugendlichen an einem Segelt\u00f6rn auf dem Ijsselmeer teil. Das Projket, welches vom mittelhessischen Verein &#8222;Menschen f\u00fcr Kinder e.V.&#8220; organisiert wurde, soll Abstand zu langen Klinikaufenthalten und einen durch die Krankheit dominierten Alltag herstellen.<\/p>\n","protected":false},"excerpt":{"rendered":"<p>Videodoku f\u00fcr das ARD-Magazin &#8222;Brisant&#8220; mit dem Titel &#8222;Zur\u00fcck ins Leben&#8220;. W\u00e4hrend eines Segelt\u00f6rns wurde ein f\u00fcnfzehnj\u00e4hriges M\u00e4dchen mit der Kamera begleitet. Nach einer schweren Krebstherapie nahm Anastasia mit einer Gruppe ebenfalls erkrankter Kinder und Jugendlichen an einem Segelt\u00f6rn auf dem Ijsselmeer teil. Das Projket, welches vom mittelhessischen Verein &#8222;Menschen f\u00fcr Kinder e.V.&#8220; organisiert wurde, [&hellip;]<\/p>\n","protected":false},"author":1,"featured_media":0,"comment_status":"closed","ping_status":"open","sticky":false,"template":"","format":"standard","meta":[],"categories":[1],"tags":[],"_links":{"self":[{"href":"http:\/\/thomas-kaulich.com\/index.php\/wp-json\/wp\/v2\/posts\/419"}],"collection":[{"href":"http:\/\/thomas-kaulich.com\/index.php\/wp-json\/wp\/v2\/posts"}],"about":[{"href":"http:\/\/thomas-kaulich.com\/index.php\/wp-json\/wp\/v2\/types\/post"}],"author":[{"embeddable":true,"href":"http:\/\/thomas-kaulich.com\/index.php\/wp-json\/wp\/v2\/users\/1"}],"replies":[{"embeddable":true,"href":"http:\/\/thomas-kaulich.com\/index.php\/wp-json\/wp\/v2\/comments?post=419"}],"version-history":[{"count":3,"href":"http:\/\/thomas-kaulich.com\/index.php\/wp-json\/wp\/v2\/posts\/419\/revisions"}],"predecessor-version":[{"id":423,"href":"http:\/\/thomas-kaulich.com\/index.php\/wp-json\/wp\/v2\/posts\/419\/revisions\/423"}],"wp:attachment":[{"href":"http:\/\/thomas-kaulich.com\/index.php\/wp-json\/wp\/v2\/media?parent=419"}],"wp:term":[{"taxonomy":"category","embeddable":true,"href":"http:\/\/thomas-kaulich.com\/index.php\/wp-json\/wp\/v2\/categories?post=419"},{"taxonomy":"post_tag","embeddable":true,"href":"http:\/\/thomas-kaulich.com\/index.php\/wp-json\/wp\/v2\/tags?post=419"}],"curies":[{"name":"wp","href":"https:\/\/api.w.org\/{rel}","templated":true}]}}